{"id":14935,"date":"2026-05-11T20:17:40","date_gmt":"2026-05-11T18:17:40","guid":{"rendered":"https:\/\/utrera.salesianos.edu\/jovenesendificultad\/?p=14935"},"modified":"2026-05-11T20:23:54","modified_gmt":"2026-05-11T18:23:54","slug":"la-fundacion-la-caixa-reafirma-su-compromiso-con-la-educacion-y-la-inclusion-social-del-proyecto-oberti","status":"publish","type":"post","link":"https:\/\/utrera.salesianos.edu\/jovenesendificultad\/blog\/la-fundacion-la-caixa-reafirma-su-compromiso-con-la-educacion-y-la-inclusion-social-del-proyecto-oberti\/","title":{"rendered":"La Fundaci\u00f3n \u201cla Caixa\u201d reafirma su compromiso con la educaci\u00f3n y la inclusi\u00f3n social del Proyecto Oberti,"},"content":{"rendered":"<div id=\"fb-root\"><\/div>\n<p>[et_pb_section fb_built=\u00bb1&#8243; admin_label=\u00bbsection\u00bb _builder_version=\u00bb4.16&#8243; custom_padding=\u00bb2px|0px|54px|0px\u00bb global_colors_info=\u00bb{}\u00bb][et_pb_row admin_label=\u00bbrow\u00bb _builder_version=\u00bb4.16&#8243; background_size=\u00bbinitial\u00bb background_position=\u00bbtop_left\u00bb background_repeat=\u00bbrepeat\u00bb global_colors_info=\u00bb{}\u00bb][et_pb_column type=\u00bb4_4&#8243; _builder_version=\u00bb4.16&#8243; custom_padding=\u00bb|||\u00bb global_colors_info=\u00bb{}\u00bb custom_padding__hover=\u00bb|||\u00bb][et_pb_text admin_label=\u00bbEntradilla\u00bb _builder_version=\u00bb4.27.4&#8243; text_font=\u00bb|on|||\u00bb vertical_offset_tablet=\u00bb0&#8243; horizontal_offset_tablet=\u00bb0&#8243; text_orientation=\u00bbjustified\u00bb z_index_tablet=\u00bb500&#8243; text_text_shadow_horizontal_length_tablet=\u00bb0px\u00bb text_text_shadow_vertical_length_tablet=\u00bb0px\u00bb text_text_shadow_blur_strength_tablet=\u00bb1px\u00bb link_text_shadow_horizontal_length_tablet=\u00bb0px\u00bb link_text_shadow_vertical_length_tablet=\u00bb0px\u00bb link_text_shadow_blur_strength_tablet=\u00bb1px\u00bb ul_text_shadow_horizontal_length_tablet=\u00bb0px\u00bb ul_text_shadow_vertical_length_tablet=\u00bb0px\u00bb ul_text_shadow_blur_strength_tablet=\u00bb1px\u00bb ol_text_shadow_horizontal_length_tablet=\u00bb0px\u00bb ol_text_shadow_vertical_length_tablet=\u00bb0px\u00bb ol_text_shadow_blur_strength_tablet=\u00bb1px\u00bb quote_text_shadow_horizontal_length_tablet=\u00bb0px\u00bb quote_text_shadow_vertical_length_tablet=\u00bb0px\u00bb quote_text_shadow_blur_strength_tablet=\u00bb1px\u00bb header_text_shadow_horizontal_length_tablet=\u00bb0px\u00bb header_text_shadow_vertical_length_tablet=\u00bb0px\u00bb header_text_shadow_blur_strength_tablet=\u00bb1px\u00bb header_2_text_shadow_horizontal_length_tablet=\u00bb0px\u00bb header_2_text_shadow_vertical_length_tablet=\u00bb0px\u00bb header_2_text_shadow_blur_strength_tablet=\u00bb1px\u00bb header_3_text_shadow_horizontal_length_tablet=\u00bb0px\u00bb header_3_text_shadow_vertical_length_tablet=\u00bb0px\u00bb header_3_text_shadow_blur_strength_tablet=\u00bb1px\u00bb header_4_text_shadow_horizontal_length_tablet=\u00bb0px\u00bb header_4_text_shadow_vertical_length_tablet=\u00bb0px\u00bb header_4_text_shadow_blur_strength_tablet=\u00bb1px\u00bb header_5_text_shadow_horizontal_length_tablet=\u00bb0px\u00bb header_5_text_shadow_vertical_length_tablet=\u00bb0px\u00bb header_5_text_shadow_blur_strength_tablet=\u00bb1px\u00bb header_6_text_shadow_horizontal_length_tablet=\u00bb0px\u00bb header_6_text_shadow_vertical_length_tablet=\u00bb0px\u00bb header_6_text_shadow_blur_strength_tablet=\u00bb1px\u00bb box_shadow_horizontal_tablet=\u00bb0px\u00bb box_shadow_vertical_tablet=\u00bb0px\u00bb box_shadow_blur_tablet=\u00bb40px\u00bb box_shadow_spread_tablet=\u00bb0px\u00bb use_border_color=\u00bboff\u00bb global_colors_info=\u00bb{}\u00bb]<\/p>\n<h3>La solidaridad y el compromiso con la educaci\u00f3n y la inclusi\u00f3n social contin\u00faan siendo fundamentales para construir una sociedad con m\u00e1s oportunidades para todos. En este sentido, el acceso a recursos y herramientas adecuadas resulta clave para que ni\u00f1os, ni\u00f1as y j\u00f3venes puedan desarrollarse plenamente en su entorno personal y educativo.<\/h3>\n<hr \/>\n<p>[\/et_pb_text][et_pb_text admin_label=\u00bbDesarrollo\u00bb _builder_version=\u00bb4.27.4&#8243; vertical_offset_tablet=\u00bb0&#8243; horizontal_offset_tablet=\u00bb0&#8243; text_orientation=\u00bbjustified\u00bb hover_enabled=\u00bb0&#8243; z_index_tablet=\u00bb500&#8243; text_text_shadow_horizontal_length_tablet=\u00bb0px\u00bb text_text_shadow_vertical_length_tablet=\u00bb0px\u00bb text_text_shadow_blur_strength_tablet=\u00bb1px\u00bb link_text_shadow_horizontal_length_tablet=\u00bb0px\u00bb link_text_shadow_vertical_length_tablet=\u00bb0px\u00bb link_text_shadow_blur_strength_tablet=\u00bb1px\u00bb ul_text_shadow_horizontal_length_tablet=\u00bb0px\u00bb ul_text_shadow_vertical_length_tablet=\u00bb0px\u00bb ul_text_shadow_blur_strength_tablet=\u00bb1px\u00bb ol_text_shadow_horizontal_length_tablet=\u00bb0px\u00bb ol_text_shadow_vertical_length_tablet=\u00bb0px\u00bb ol_text_shadow_blur_strength_tablet=\u00bb1px\u00bb quote_text_shadow_horizontal_length_tablet=\u00bb0px\u00bb quote_text_shadow_vertical_length_tablet=\u00bb0px\u00bb quote_text_shadow_blur_strength_tablet=\u00bb1px\u00bb header_text_shadow_horizontal_length_tablet=\u00bb0px\u00bb header_text_shadow_vertical_length_tablet=\u00bb0px\u00bb header_text_shadow_blur_strength_tablet=\u00bb1px\u00bb header_2_text_shadow_horizontal_length_tablet=\u00bb0px\u00bb header_2_text_shadow_vertical_length_tablet=\u00bb0px\u00bb header_2_text_shadow_blur_strength_tablet=\u00bb1px\u00bb header_3_text_shadow_horizontal_length_tablet=\u00bb0px\u00bb header_3_text_shadow_vertical_length_tablet=\u00bb0px\u00bb header_3_text_shadow_blur_strength_tablet=\u00bb1px\u00bb header_4_text_shadow_horizontal_length_tablet=\u00bb0px\u00bb header_4_text_shadow_vertical_length_tablet=\u00bb0px\u00bb header_4_text_shadow_blur_strength_tablet=\u00bb1px\u00bb header_5_text_shadow_horizontal_length_tablet=\u00bb0px\u00bb header_5_text_shadow_vertical_length_tablet=\u00bb0px\u00bb header_5_text_shadow_blur_strength_tablet=\u00bb1px\u00bb header_6_text_shadow_horizontal_length_tablet=\u00bb0px\u00bb header_6_text_shadow_vertical_length_tablet=\u00bb0px\u00bb header_6_text_shadow_blur_strength_tablet=\u00bb1px\u00bb box_shadow_horizontal_tablet=\u00bb0px\u00bb box_shadow_vertical_tablet=\u00bb0px\u00bb box_shadow_blur_tablet=\u00bb40px\u00bb box_shadow_spread_tablet=\u00bb0px\u00bb use_border_color=\u00bboff\u00bb global_colors_info=\u00bb{}\u00bb sticky_enabled=\u00bb0&#8243;]<\/p>\n<p>Con esta finalidad, la Fundaci\u00f3n \u201cla Caixa\u201d ha realizado una donaci\u00f3n de 5.200 euros al Proyecto Oberti, una iniciativa salesiana que desde hace a\u00f1os trabaja en favor de menores y familias en situaci\u00f3n de vulnerabilidad social en Utrera.<\/p>\n<p>Gracias a esta aportaci\u00f3n econ\u00f3mica, el Proyecto Oberti podr\u00e1 seguir desarrollando actividades educativas, de acompa\u00f1amiento y ocio saludable dirigidas a ni\u00f1os, ni\u00f1as y j\u00f3venes que encuentran en este proyecto un espacio de apoyo a la educaci\u00f3n, crecimiento personal y convivencia.<\/p>\n<p>El Proyecto Oberti, impulsado desde la Casa Salesiana de Utrera, ofrece una alternativa educativa desde el tiempo libre y la educaci\u00f3n no formal, acompa\u00f1ando a los menores especialmente en horarios no lectivos y favoreciendo su integraci\u00f3n social y educativa.<\/p>\n<p>Esta colaboraci\u00f3n supone un importante respaldo para continuar ofreciendo recursos y oportunidades a los destinatarios del proyecto, reforzando as\u00ed la labor que diariamente realizan los educadores y voluntarios implicados en esta iniciativa.<\/p>\n<p>En el acto de entrega estuvieron presentes representantes de la Fundaci\u00f3n \u201cla Caixa\u201d, as\u00ed como Ram\u00f3n Ronda, director de la Casa Salesiana de Utrera, junto al actual coordinador del Proyecto Oberti, Adri\u00e1n Rodr\u00edguez.<\/p>\n<p>[\/et_pb_text][et_pb_gallery gallery_ids=\u00bb14939,14940,14941,14942,14943&#8243; show_title_and_caption=\u00bboff\u00bb _builder_version=\u00bb4.27.4&#8243; _module_preset=\u00bbdefault\u00bb global_colors_info=\u00bb{}\u00bb][\/et_pb_gallery][\/et_pb_column][\/et_pb_row][\/et_pb_section]<\/p>\n","protected":false},"excerpt":{"rendered":"<p>La solidaridad y el compromiso con la educaci\u00f3n y la inclusi\u00f3n social contin\u00faan siendo fundamentales para construir una sociedad con m\u00e1s oportunidades para todos. En este sentido, el acceso a recursos y herramientas adecuadas resulta clave para que ni\u00f1os, ni\u00f1as y j\u00f3venes puedan desarrollarse plenamente en su entorno personal y educativo. Con esta finalidad, la [&hellip;]<\/p>\n","protected":false},"author":5,"featured_media":14938,"comment_status":"open","ping_status":"open","sticky":false,"template":"","format":"standard","meta":{"_et_pb_use_builder":"on","_et_pb_old_content":"","_et_gb_content_width":"","footnotes":""},"categories":[1,18,10],"tags":[],"class_list":["post-14935","post","type-post","status-publish","format-standard","has-post-thumbnail","hentry","category-casa","category-oberti","category-portada"],"yoast_head":"<!-- This site is optimized with the Yoast SEO plugin v28.3 - https:\/\/yoast.com\/product\/yoast-seo-wordpress\/ -->\n<title>La Fundaci\u00f3n \u201cla Caixa\u201d reafirma su compromiso con la educaci\u00f3n y la inclusi\u00f3n social del Proyecto Oberti, - Proyecto Oberti<\/title>\n<meta name=\"robots\" content=\"index, follow, max-snippet:-1, max-image-preview:large, max-video-preview:-1\" \/>\n<link rel=\"canonical\" href=\"https:\/\/utrera.salesianos.edu\/jovenesendificultad\/blog\/la-fundacion-la-caixa-reafirma-su-compromiso-con-la-educacion-y-la-inclusion-social-del-proyecto-oberti\/\" \/>\n<meta property=\"og:locale\" content=\"es_ES\" \/>\n<meta property=\"og:type\" content=\"article\" \/>\n<meta property=\"og:title\" content=\"La Fundaci\u00f3n \u201cla Caixa\u201d reafirma su compromiso con la educaci\u00f3n y la inclusi\u00f3n social del Proyecto Oberti, - Proyecto Oberti\" \/>\n<meta property=\"og:description\" content=\"La solidaridad y el compromiso con la educaci\u00f3n y la inclusi\u00f3n social contin\u00faan siendo fundamentales para construir una sociedad con m\u00e1s oportunidades para todos. En este sentido, el acceso a recursos y herramientas adecuadas resulta clave para que ni\u00f1os, ni\u00f1as y j\u00f3venes puedan desarrollarse plenamente en su entorno personal y educativo. Con esta finalidad, la [&hellip;]\" \/>\n<meta property=\"og:url\" content=\"https:\/\/utrera.salesianos.edu\/jovenesendificultad\/blog\/la-fundacion-la-caixa-reafirma-su-compromiso-con-la-educacion-y-la-inclusion-social-del-proyecto-oberti\/\" \/>\n<meta property=\"og:site_name\" content=\"Proyecto Oberti\" \/>\n<meta property=\"article:published_time\" content=\"2026-05-11T18:17:40+00:00\" \/>\n<meta property=\"article:modified_time\" content=\"2026-05-11T18:23:54+00:00\" \/>\n<meta property=\"og:image\" content=\"https:\/\/utrera.salesianos.edu\/jovenesendificultad\/wp-content\/uploads\/sites\/5\/2026\/05\/WhatsApp-Image-2026-05-11-at-11.10.10.jpeg\" \/>\n\t<meta property=\"og:image:width\" content=\"2048\" \/>\n\t<meta property=\"og:image:height\" content=\"1152\" \/>\n\t<meta property=\"og:image:type\" content=\"image\/jpeg\" \/>\n<meta name=\"author\" content=\"proyectooberti\" \/>\n<meta name=\"twitter:card\" content=\"summary_large_image\" \/>\n<meta name=\"twitter:label1\" content=\"Escrito por\" \/>\n\t<meta name=\"twitter:data1\" content=\"proyectooberti\" \/>\n\t<meta name=\"twitter:label2\" content=\"Tiempo de lectura\" \/>\n\t<meta name=\"twitter:data2\" content=\"3 minutos\" \/>\n<script type=\"application\/ld+json\" class=\"yoast-schema-graph\">{\"@context\":\"https:\\\/\\\/schema.org\",\"@graph\":[{\"@type\":\"Article\",\"@id\":\"https:\\\/\\\/utrera.salesianos.edu\\\/jovenesendificultad\\\/blog\\\/la-fundacion-la-caixa-reafirma-su-compromiso-con-la-educacion-y-la-inclusion-social-del-proyecto-oberti\\\/#article\",\"isPartOf\":{\"@id\":\"https:\\\/\\\/utrera.salesianos.edu\\\/jovenesendificultad\\\/blog\\\/la-fundacion-la-caixa-reafirma-su-compromiso-con-la-educacion-y-la-inclusion-social-del-proyecto-oberti\\\/\"},\"author\":{\"name\":\"proyectooberti\",\"@id\":\"https:\\\/\\\/utrera.salesianos.edu\\\/jovenesendificultad\\\/#\\\/schema\\\/person\\\/43f51a01b2adf8fbe0c47356fb20a543\"},\"headline\":\"La Fundaci\u00f3n \u201cla Caixa\u201d reafirma su compromiso con la educaci\u00f3n y la inclusi\u00f3n social del Proyecto Oberti,\",\"datePublished\":\"2026-05-11T18:17:40+00:00\",\"dateModified\":\"2026-05-11T18:23:54+00:00\",\"mainEntityOfPage\":{\"@id\":\"https:\\\/\\\/utrera.salesianos.edu\\\/jovenesendificultad\\\/blog\\\/la-fundacion-la-caixa-reafirma-su-compromiso-con-la-educacion-y-la-inclusion-social-del-proyecto-oberti\\\/\"},\"wordCount\":931,\"commentCount\":0,\"image\":{\"@id\":\"https:\\\/\\\/utrera.salesianos.edu\\\/jovenesendificultad\\\/blog\\\/la-fundacion-la-caixa-reafirma-su-compromiso-con-la-educacion-y-la-inclusion-social-del-proyecto-oberti\\\/#primaryimage\"},\"thumbnailUrl\":\"https:\\\/\\\/utrera.salesianos.edu\\\/jovenesendificultad\\\/wp-content\\\/uploads\\\/sites\\\/5\\\/2026\\\/05\\\/WhatsApp-Image-2026-05-11-at-11.10.10.jpeg\",\"articleSection\":[\"Casa\",\"Oberti\",\"Portada\"],\"inLanguage\":\"es\",\"potentialAction\":[{\"@type\":\"CommentAction\",\"name\":\"Comment\",\"target\":[\"https:\\\/\\\/utrera.salesianos.edu\\\/jovenesendificultad\\\/blog\\\/la-fundacion-la-caixa-reafirma-su-compromiso-con-la-educacion-y-la-inclusion-social-del-proyecto-oberti\\\/#respond\"]}]},{\"@type\":\"WebPage\",\"@id\":\"https:\\\/\\\/utrera.salesianos.edu\\\/jovenesendificultad\\\/blog\\\/la-fundacion-la-caixa-reafirma-su-compromiso-con-la-educacion-y-la-inclusion-social-del-proyecto-oberti\\\/\",\"url\":\"https:\\\/\\\/utrera.salesianos.edu\\\/jovenesendificultad\\\/blog\\\/la-fundacion-la-caixa-reafirma-su-compromiso-con-la-educacion-y-la-inclusion-social-del-proyecto-oberti\\\/\",\"name\":\"La Fundaci\u00f3n \u201cla Caixa\u201d reafirma su compromiso con la educaci\u00f3n y la inclusi\u00f3n social del Proyecto Oberti, - Proyecto Oberti\",\"isPartOf\":{\"@id\":\"https:\\\/\\\/utrera.salesianos.edu\\\/jovenesendificultad\\\/#website\"},\"primaryImageOfPage\":{\"@id\":\"https:\\\/\\\/utrera.salesianos.edu\\\/jovenesendificultad\\\/blog\\\/la-fundacion-la-caixa-reafirma-su-compromiso-con-la-educacion-y-la-inclusion-social-del-proyecto-oberti\\\/#primaryimage\"},\"image\":{\"@id\":\"https:\\\/\\\/utrera.salesianos.edu\\\/jovenesendificultad\\\/blog\\\/la-fundacion-la-caixa-reafirma-su-compromiso-con-la-educacion-y-la-inclusion-social-del-proyecto-oberti\\\/#primaryimage\"},\"thumbnailUrl\":\"https:\\\/\\\/utrera.salesianos.edu\\\/jovenesendificultad\\\/wp-content\\\/uploads\\\/sites\\\/5\\\/2026\\\/05\\\/WhatsApp-Image-2026-05-11-at-11.10.10.jpeg\",\"datePublished\":\"2026-05-11T18:17:40+00:00\",\"dateModified\":\"2026-05-11T18:23:54+00:00\",\"author\":{\"@id\":\"https:\\\/\\\/utrera.salesianos.edu\\\/jovenesendificultad\\\/#\\\/schema\\\/person\\\/43f51a01b2adf8fbe0c47356fb20a543\"},\"breadcrumb\":{\"@id\":\"https:\\\/\\\/utrera.salesianos.edu\\\/jovenesendificultad\\\/blog\\\/la-fundacion-la-caixa-reafirma-su-compromiso-con-la-educacion-y-la-inclusion-social-del-proyecto-oberti\\\/#breadcrumb\"},\"inLanguage\":\"es\",\"potentialAction\":[{\"@type\":\"ReadAction\",\"target\":[\"https:\\\/\\\/utrera.salesianos.edu\\\/jovenesendificultad\\\/blog\\\/la-fundacion-la-caixa-reafirma-su-compromiso-con-la-educacion-y-la-inclusion-social-del-proyecto-oberti\\\/\"]}]},{\"@type\":\"ImageObject\",\"inLanguage\":\"es\",\"@id\":\"https:\\\/\\\/utrera.salesianos.edu\\\/jovenesendificultad\\\/blog\\\/la-fundacion-la-caixa-reafirma-su-compromiso-con-la-educacion-y-la-inclusion-social-del-proyecto-oberti\\\/#primaryimage\",\"url\":\"https:\\\/\\\/utrera.salesianos.edu\\\/jovenesendificultad\\\/wp-content\\\/uploads\\\/sites\\\/5\\\/2026\\\/05\\\/WhatsApp-Image-2026-05-11-at-11.10.10.jpeg\",\"contentUrl\":\"https:\\\/\\\/utrera.salesianos.edu\\\/jovenesendificultad\\\/wp-content\\\/uploads\\\/sites\\\/5\\\/2026\\\/05\\\/WhatsApp-Image-2026-05-11-at-11.10.10.jpeg\",\"width\":2048,\"height\":1152},{\"@type\":\"BreadcrumbList\",\"@id\":\"https:\\\/\\\/utrera.salesianos.edu\\\/jovenesendificultad\\\/blog\\\/la-fundacion-la-caixa-reafirma-su-compromiso-con-la-educacion-y-la-inclusion-social-del-proyecto-oberti\\\/#breadcrumb\",\"itemListElement\":[{\"@type\":\"ListItem\",\"position\":1,\"name\":\"Portada\",\"item\":\"https:\\\/\\\/utrera.salesianos.edu\\\/jovenesendificultad\\\/\"},{\"@type\":\"ListItem\",\"position\":2,\"name\":\"La Fundaci\u00f3n \u201cla Caixa\u201d reafirma su compromiso con la educaci\u00f3n y la inclusi\u00f3n social del Proyecto Oberti,\"}]},{\"@type\":\"WebSite\",\"@id\":\"https:\\\/\\\/utrera.salesianos.edu\\\/jovenesendificultad\\\/#website\",\"url\":\"https:\\\/\\\/utrera.salesianos.edu\\\/jovenesendificultad\\\/\",\"name\":\"Proyecto Oberti\",\"description\":\"Pagina oficial del Proyecto Oberti de la Obra Salesiana en Utrera.\",\"potentialAction\":[{\"@type\":\"SearchAction\",\"target\":{\"@type\":\"EntryPoint\",\"urlTemplate\":\"https:\\\/\\\/utrera.salesianos.edu\\\/jovenesendificultad\\\/?s={search_term_string}\"},\"query-input\":{\"@type\":\"PropertyValueSpecification\",\"valueRequired\":true,\"valueName\":\"search_term_string\"}}],\"inLanguage\":\"es\"},{\"@type\":\"Person\",\"@id\":\"https:\\\/\\\/utrera.salesianos.edu\\\/jovenesendificultad\\\/#\\\/schema\\\/person\\\/43f51a01b2adf8fbe0c47356fb20a543\",\"name\":\"proyectooberti\",\"image\":{\"@type\":\"ImageObject\",\"inLanguage\":\"es\",\"@id\":\"https:\\\/\\\/secure.gravatar.com\\\/avatar\\\/fcdf0c4d3cd3ec0cc7b441a68228e463d4659670adf5bc6b3332e93a297f5e44?s=96&d=mm&r=g\",\"url\":\"https:\\\/\\\/secure.gravatar.com\\\/avatar\\\/fcdf0c4d3cd3ec0cc7b441a68228e463d4659670adf5bc6b3332e93a297f5e44?s=96&d=mm&r=g\",\"contentUrl\":\"https:\\\/\\\/secure.gravatar.com\\\/avatar\\\/fcdf0c4d3cd3ec0cc7b441a68228e463d4659670adf5bc6b3332e93a297f5e44?s=96&d=mm&r=g\",\"caption\":\"proyectooberti\"}}]}<\/script>\n<!-- \/ Yoast SEO plugin. -->","yoast_head_json":{"title":"La Fundaci\u00f3n \u201cla Caixa\u201d reafirma su compromiso con la educaci\u00f3n y la inclusi\u00f3n social del Proyecto Oberti, - Proyecto Oberti","robots":{"index":"index","follow":"follow","max-snippet":"max-snippet:-1","max-image-preview":"max-image-preview:large","max-video-preview":"max-video-preview:-1"},"canonical":"https:\/\/utrera.salesianos.edu\/jovenesendificultad\/blog\/la-fundacion-la-caixa-reafirma-su-compromiso-con-la-educacion-y-la-inclusion-social-del-proyecto-oberti\/","og_locale":"es_ES","og_type":"article","og_title":"La Fundaci\u00f3n \u201cla Caixa\u201d reafirma su compromiso con la educaci\u00f3n y la inclusi\u00f3n social del Proyecto Oberti, - Proyecto Oberti","og_description":"La solidaridad y el compromiso con la educaci\u00f3n y la inclusi\u00f3n social contin\u00faan siendo fundamentales para construir una sociedad con m\u00e1s oportunidades para todos. En este sentido, el acceso a recursos y herramientas adecuadas resulta clave para que ni\u00f1os, ni\u00f1as y j\u00f3venes puedan desarrollarse plenamente en su entorno personal y educativo. Con esta finalidad, la [&hellip;]","og_url":"https:\/\/utrera.salesianos.edu\/jovenesendificultad\/blog\/la-fundacion-la-caixa-reafirma-su-compromiso-con-la-educacion-y-la-inclusion-social-del-proyecto-oberti\/","og_site_name":"Proyecto Oberti","article_published_time":"2026-05-11T18:17:40+00:00","article_modified_time":"2026-05-11T18:23:54+00:00","og_image":[{"width":2048,"height":1152,"url":"https:\/\/utrera.salesianos.edu\/jovenesendificultad\/wp-content\/uploads\/sites\/5\/2026\/05\/WhatsApp-Image-2026-05-11-at-11.10.10.jpeg","type":"image\/jpeg"}],"author":"proyectooberti","twitter_card":"summary_large_image","twitter_misc":{"Escrito por":"proyectooberti","Tiempo de lectura":"3 minutos"},"schema":{"@context":"https:\/\/schema.org","@graph":[{"@type":"Article","@id":"https:\/\/utrera.salesianos.edu\/jovenesendificultad\/blog\/la-fundacion-la-caixa-reafirma-su-compromiso-con-la-educacion-y-la-inclusion-social-del-proyecto-oberti\/#article","isPartOf":{"@id":"https:\/\/utrera.salesianos.edu\/jovenesendificultad\/blog\/la-fundacion-la-caixa-reafirma-su-compromiso-con-la-educacion-y-la-inclusion-social-del-proyecto-oberti\/"},"author":{"name":"proyectooberti","@id":"https:\/\/utrera.salesianos.edu\/jovenesendificultad\/#\/schema\/person\/43f51a01b2adf8fbe0c47356fb20a543"},"headline":"La Fundaci\u00f3n \u201cla Caixa\u201d reafirma su compromiso con la educaci\u00f3n y la inclusi\u00f3n social del Proyecto Oberti,","datePublished":"2026-05-11T18:17:40+00:00","dateModified":"2026-05-11T18:23:54+00:00","mainEntityOfPage":{"@id":"https:\/\/utrera.salesianos.edu\/jovenesendificultad\/blog\/la-fundacion-la-caixa-reafirma-su-compromiso-con-la-educacion-y-la-inclusion-social-del-proyecto-oberti\/"},"wordCount":931,"commentCount":0,"image":{"@id":"https:\/\/utrera.salesianos.edu\/jovenesendificultad\/blog\/la-fundacion-la-caixa-reafirma-su-compromiso-con-la-educacion-y-la-inclusion-social-del-proyecto-oberti\/#primaryimage"},"thumbnailUrl":"https:\/\/utrera.salesianos.edu\/jovenesendificultad\/wp-content\/uploads\/sites\/5\/2026\/05\/WhatsApp-Image-2026-05-11-at-11.10.10.jpeg","articleSection":["Casa","Oberti","Portada"],"inLanguage":"es","potentialAction":[{"@type":"CommentAction","name":"Comment","target":["https:\/\/utrera.salesianos.edu\/jovenesendificultad\/blog\/la-fundacion-la-caixa-reafirma-su-compromiso-con-la-educacion-y-la-inclusion-social-del-proyecto-oberti\/#respond"]}]},{"@type":"WebPage","@id":"https:\/\/utrera.salesianos.edu\/jovenesendificultad\/blog\/la-fundacion-la-caixa-reafirma-su-compromiso-con-la-educacion-y-la-inclusion-social-del-proyecto-oberti\/","url":"https:\/\/utrera.salesianos.edu\/jovenesendificultad\/blog\/la-fundacion-la-caixa-reafirma-su-compromiso-con-la-educacion-y-la-inclusion-social-del-proyecto-oberti\/","name":"La Fundaci\u00f3n \u201cla Caixa\u201d reafirma su compromiso con la educaci\u00f3n y la inclusi\u00f3n social del Proyecto Oberti, - Proyecto Oberti","isPartOf":{"@id":"https:\/\/utrera.salesianos.edu\/jovenesendificultad\/#website"},"primaryImageOfPage":{"@id":"https:\/\/utrera.salesianos.edu\/jovenesendificultad\/blog\/la-fundacion-la-caixa-reafirma-su-compromiso-con-la-educacion-y-la-inclusion-social-del-proyecto-oberti\/#primaryimage"},"image":{"@id":"https:\/\/utrera.salesianos.edu\/jovenesendificultad\/blog\/la-fundacion-la-caixa-reafirma-su-compromiso-con-la-educacion-y-la-inclusion-social-del-proyecto-oberti\/#primaryimage"},"thumbnailUrl":"https:\/\/utrera.salesianos.edu\/jovenesendificultad\/wp-content\/uploads\/sites\/5\/2026\/05\/WhatsApp-Image-2026-05-11-at-11.10.10.jpeg","datePublished":"2026-05-11T18:17:40+00:00","dateModified":"2026-05-11T18:23:54+00:00","author":{"@id":"https:\/\/utrera.salesianos.edu\/jovenesendificultad\/#\/schema\/person\/43f51a01b2adf8fbe0c47356fb20a543"},"breadcrumb":{"@id":"https:\/\/utrera.salesianos.edu\/jovenesendificultad\/blog\/la-fundacion-la-caixa-reafirma-su-compromiso-con-la-educacion-y-la-inclusion-social-del-proyecto-oberti\/#breadcrumb"},"inLanguage":"es","potentialAction":[{"@type":"ReadAction","target":["https:\/\/utrera.salesianos.edu\/jovenesendificultad\/blog\/la-fundacion-la-caixa-reafirma-su-compromiso-con-la-educacion-y-la-inclusion-social-del-proyecto-oberti\/"]}]},{"@type":"ImageObject","inLanguage":"es","@id":"https:\/\/utrera.salesianos.edu\/jovenesendificultad\/blog\/la-fundacion-la-caixa-reafirma-su-compromiso-con-la-educacion-y-la-inclusion-social-del-proyecto-oberti\/#primaryimage","url":"https:\/\/utrera.salesianos.edu\/jovenesendificultad\/wp-content\/uploads\/sites\/5\/2026\/05\/WhatsApp-Image-2026-05-11-at-11.10.10.jpeg","contentUrl":"https:\/\/utrera.salesianos.edu\/jovenesendificultad\/wp-content\/uploads\/sites\/5\/2026\/05\/WhatsApp-Image-2026-05-11-at-11.10.10.jpeg","width":2048,"height":1152},{"@type":"BreadcrumbList","@id":"https:\/\/utrera.salesianos.edu\/jovenesendificultad\/blog\/la-fundacion-la-caixa-reafirma-su-compromiso-con-la-educacion-y-la-inclusion-social-del-proyecto-oberti\/#breadcrumb","itemListElement":[{"@type":"ListItem","position":1,"name":"Portada","item":"https:\/\/utrera.salesianos.edu\/jovenesendificultad\/"},{"@type":"ListItem","position":2,"name":"La Fundaci\u00f3n \u201cla Caixa\u201d reafirma su compromiso con la educaci\u00f3n y la inclusi\u00f3n social del Proyecto Oberti,"}]},{"@type":"WebSite","@id":"https:\/\/utrera.salesianos.edu\/jovenesendificultad\/#website","url":"https:\/\/utrera.salesianos.edu\/jovenesendificultad\/","name":"Proyecto Oberti","description":"Pagina oficial del Proyecto Oberti de la Obra Salesiana en Utrera.","potentialAction":[{"@type":"SearchAction","target":{"@type":"EntryPoint","urlTemplate":"https:\/\/utrera.salesianos.edu\/jovenesendificultad\/?s={search_term_string}"},"query-input":{"@type":"PropertyValueSpecification","valueRequired":true,"valueName":"search_term_string"}}],"inLanguage":"es"},{"@type":"Person","@id":"https:\/\/utrera.salesianos.edu\/jovenesendificultad\/#\/schema\/person\/43f51a01b2adf8fbe0c47356fb20a543","name":"proyectooberti","image":{"@type":"ImageObject","inLanguage":"es","@id":"https:\/\/secure.gravatar.com\/avatar\/fcdf0c4d3cd3ec0cc7b441a68228e463d4659670adf5bc6b3332e93a297f5e44?s=96&d=mm&r=g","url":"https:\/\/secure.gravatar.com\/avatar\/fcdf0c4d3cd3ec0cc7b441a68228e463d4659670adf5bc6b3332e93a297f5e44?s=96&d=mm&r=g","contentUrl":"https:\/\/secure.gravatar.com\/avatar\/fcdf0c4d3cd3ec0cc7b441a68228e463d4659670adf5bc6b3332e93a297f5e44?s=96&d=mm&r=g","caption":"proyectooberti"}}]}},"_links":{"self":[{"href":"https:\/\/utrera.salesianos.edu\/jovenesendificultad\/wp-json\/wp\/v2\/posts\/14935","targetHints":{"allow":["GET"]}}],"collection":[{"href":"https:\/\/utrera.salesianos.edu\/jovenesendificultad\/wp-json\/wp\/v2\/posts"}],"about":[{"href":"https:\/\/utrera.salesianos.edu\/jovenesendificultad\/wp-json\/wp\/v2\/types\/post"}],"author":[{"embeddable":true,"href":"https:\/\/utrera.salesianos.edu\/jovenesendificultad\/wp-json\/wp\/v2\/users\/5"}],"replies":[{"embeddable":true,"href":"https:\/\/utrera.salesianos.edu\/jovenesendificultad\/wp-json\/wp\/v2\/comments?post=14935"}],"version-history":[{"count":6,"href":"https:\/\/utrera.salesianos.edu\/jovenesendificultad\/wp-json\/wp\/v2\/posts\/14935\/revisions"}],"predecessor-version":[{"id":14948,"href":"https:\/\/utrera.salesianos.edu\/jovenesendificultad\/wp-json\/wp\/v2\/posts\/14935\/revisions\/14948"}],"wp:featuredmedia":[{"embeddable":true,"href":"https:\/\/utrera.salesianos.edu\/jovenesendificultad\/wp-json\/wp\/v2\/media\/14938"}],"wp:attachment":[{"href":"https:\/\/utrera.salesianos.edu\/jovenesendificultad\/wp-json\/wp\/v2\/media?parent=14935"}],"wp:term":[{"taxonomy":"category","embeddable":true,"href":"https:\/\/utrera.salesianos.edu\/jovenesendificultad\/wp-json\/wp\/v2\/categories?post=14935"},{"taxonomy":"post_tag","embeddable":true,"href":"https:\/\/utrera.salesianos.edu\/jovenesendificultad\/wp-json\/wp\/v2\/tags?post=14935"}],"curies":[{"name":"wp","href":"https:\/\/api.w.org\/{rel}","templated":true}]}}